{"id":12576,"date":"2019-03-16T13:29:46","date_gmt":"2019-03-16T13:29:46","guid":{"rendered":"https:\/\/www.eylg-photo.com\/?p=12576"},"modified":"2019-03-16T13:56:18","modified_gmt":"2019-03-16T13:56:18","slug":"inauguration-madeleine-fripes-bidules-secours-populaire","status":"publish","type":"post","link":"https:\/\/www.eylg-photo.com\/fr\/2019\/03\/inauguration-madeleine-fripes-bidules-secours-populaire\/","title":{"rendered":"Inauguration boutique Madeleine \u00ab\u00a0Fripes &#038; Bidules\u00a0\u00bb [Secours Populaire]"},"content":{"rendered":"<p>Vendredi 8 mars 2019 avait lieu l\u2019inauguration de la nouvelle boutique <a href=\"https:\/\/www.facebook.com\/madeleine.spf.nantes\/\" target=\"_blank\" rel=\"noopener noreferrer\">Madeleine \u00ab\u00a0Fripes &amp; Bidules\u00a0\u00bb<\/a>.<br \/>\nProjet pilote du Secours Populaires de Nantes, une boutique nouvelle g\u00e9n\u00e9ration dans une atmosph\u00e8re vintage et intemporelle.<br \/>\nL\u2019inauguration a eu lieu en pr\u00e9sence de la <a href=\"https:\/\/www.secourspopulaire.fr\/44\/\" target=\"_blank\" rel=\"noopener noreferrer\">f\u00e9d\u00e9ration Loire-Atlantique<\/a>, des antennes des d\u00e9partements voisins, des \u00e9lus de la ville de Nantes, du d\u00e9partement et de la r\u00e9gion et de tous les volontaires qui ont permis que ce projet aboutisse\u2026 Le tout sur une bande son orchestr\u00e9 par <a href=\"http:\/\/romualdtual.com\/\" target=\"_blank\" rel=\"noopener noreferrer\">Romuald Tual<\/a>.<br \/>\nAfin de mieux aider les plus d\u00e9favoris\u00e9s cette boutique est \u00e0 destination d\u2019un public plus large\u2026<\/p>\n","protected":false},"excerpt":{"rendered":"<p>Vendredi 8 mars 2019 avait lieu l\u2019inauguration de la nouvelle boutique Madeleine \u00ab\u00a0Fripes &amp; Bidules\u00a0\u00bb. Projet pilote du Secours Populaires de Nantes, une boutique nouvelle g\u00e9n\u00e9ration dans une atmosph\u00e8re vintage et intemporelle. L\u2019inauguration a eu lieu en pr\u00e9sence de la f\u00e9d\u00e9ration Loire-Atlantique, des antennes des d\u00e9partements voisins, des \u00e9lus de la ville de Nantes, du d\u00e9partement et de la r\u00e9gion et de tous les volontaires qui ont permis que ce projet aboutisse\u2026 Le tout sur une bande son orchestr\u00e9 par [&hellip;]<\/p>\n","protected":false},"author":1,"featured_media":12577,"comment_status":"closed","ping_status":"open","sticky":false,"template":"","format":"gallery","meta":{"_jetpack_memberships_contains_paid_content":false,"footnotes":""},"categories":[80],"tags":[],"class_list":["post-12576","post","type-post","status-publish","format-gallery","has-post-thumbnail","hentry","category-non-classe","post_format-post-format-gallery"],"yoast_head":"<!-- This site is optimized with the Yoast SEO plugin v25.8 - https:\/\/yoast.com\/wordpress\/plugins\/seo\/ -->\n<title>Inauguration boutique Madeleine &quot;Fripes &amp; Bidules&quot; [Secours Populaire] - EyLG Photography<\/title>\n<meta name=\"description\" content=\"Vendredi 8 mars 2019 avait lieu l\u2019inauguration de la boutique Madeleine &quot;Fripes &amp; Bidules&quot;. Projet pilote du Secours Populaires de Nantes...\" \/>\n<meta name=\"robots\" content=\"index, follow, max-snippet:-1, max-image-preview:large, max-video-preview:-1\" \/>\n<link rel=\"canonical\" href=\"https:\/\/www.eylg-photo.com\/fr\/2019\/03\/inauguration-madeleine-fripes-bidules-secours-populaire\/\" \/>\n<meta property=\"og:locale\" content=\"fr_FR\" \/>\n<meta property=\"og:type\" content=\"article\" \/>\n<meta property=\"og:title\" content=\"Inauguration boutique Madeleine &quot;Fripes &amp; Bidules&quot; [Secours Populaire] - EyLG Photography\" \/>\n<meta property=\"og:description\" content=\"Vendredi 8 mars 2019 avait lieu l\u2019inauguration de la boutique Madeleine &quot;Fripes &amp; Bidules&quot;. Projet pilote du Secours Populaires de Nantes...\" \/>\n<meta property=\"og:url\" content=\"https:\/\/www.eylg-photo.com\/fr\/2019\/03\/inauguration-madeleine-fripes-bidules-secours-populaire\/\" \/>\n<meta property=\"og:site_name\" content=\"EyLG Photography\" \/>\n<meta property=\"article:publisher\" content=\"https:\/\/www.facebook.com\/EyLGphoto\/\" \/>\n<meta property=\"article:author\" content=\"https:\/\/www.facebook.com\/EyLGphoto\/\" \/>\n<meta property=\"article:published_time\" content=\"2019-03-16T13:29:46+00:00\" \/>\n<meta property=\"article:modified_time\" content=\"2019-03-16T13:56:18+00:00\" \/>\n<meta property=\"og:image\" content=\"https:\/\/i1.wp.com\/www.eylg-photo.com\/wp-content\/uploads\/2019\/03\/EyLG_2019-03-08_inauguration_Madeleine-FB.jpg?fit=1200%2C630&ssl=1\" \/>\n\t<meta property=\"og:image:width\" content=\"1200\" \/>\n\t<meta property=\"og:image:height\" content=\"630\" \/>\n\t<meta property=\"og:image:type\" content=\"image\/jpeg\" \/>\n<meta name=\"author\" content=\"Eymeric\" \/>\n<meta name=\"twitter:card\" content=\"summary_large_image\" \/>\n<meta name=\"twitter:label1\" content=\"\u00c9crit par\" \/>\n\t<meta name=\"twitter:data1\" content=\"Eymeric\" \/>\n\t<meta name=\"twitter:label2\" content=\"Dur\u00e9e de lecture estim\u00e9e\" \/>\n\t<meta name=\"twitter:data2\" content=\"1 minute\" \/>\n<script type=\"application\/ld+json\" class=\"yoast-schema-graph\">{\"@context\":\"https:\/\/schema.org\",\"@graph\":[{\"@type\":\"Article\",\"@id\":\"https:\/\/www.eylg-photo.com\/fr\/2019\/03\/inauguration-madeleine-fripes-bidules-secours-populaire\/#article\",\"isPartOf\":{\"@id\":\"https:\/\/www.eylg-photo.com\/fr\/2019\/03\/inauguration-madeleine-fripes-bidules-secours-populaire\/\"},\"author\":{\"name\":\"Eymeric\",\"@id\":\"https:\/\/www.eylg-photo.com\/#\/schema\/person\/2f778f2b88369af952e717a222b8aded\"},\"headline\":\"Inauguration boutique Madeleine \u00ab\u00a0Fripes &#038; Bidules\u00a0\u00bb [Secours Populaire]\",\"datePublished\":\"2019-03-16T13:29:46+00:00\",\"dateModified\":\"2019-03-16T13:56:18+00:00\",\"mainEntityOfPage\":{\"@id\":\"https:\/\/www.eylg-photo.com\/fr\/2019\/03\/inauguration-madeleine-fripes-bidules-secours-populaire\/\"},\"wordCount\":116,\"publisher\":{\"@id\":\"https:\/\/www.eylg-photo.com\/#\/schema\/person\/2f778f2b88369af952e717a222b8aded\"},\"image\":{\"@id\":\"https:\/\/www.eylg-photo.com\/fr\/2019\/03\/inauguration-madeleine-fripes-bidules-secours-populaire\/#primaryimage\"},\"thumbnailUrl\":\"https:\/\/i0.wp.com\/www.eylg-photo.com\/wp-content\/uploads\/2019\/03\/EyLG_2019-03-08_inauguration_Madeleine-01.jpg?fit=1440%2C960&ssl=1\",\"inLanguage\":\"fr-FR\"},{\"@type\":\"WebPage\",\"@id\":\"https:\/\/www.eylg-photo.com\/fr\/2019\/03\/inauguration-madeleine-fripes-bidules-secours-populaire\/\",\"url\":\"https:\/\/www.eylg-photo.com\/fr\/2019\/03\/inauguration-madeleine-fripes-bidules-secours-populaire\/\",\"name\":\"Inauguration boutique Madeleine \\\"Fripes & Bidules\\\" [Secours Populaire] - EyLG Photography\",\"isPartOf\":{\"@id\":\"https:\/\/www.eylg-photo.com\/#website\"},\"primaryImageOfPage\":{\"@id\":\"https:\/\/www.eylg-photo.com\/fr\/2019\/03\/inauguration-madeleine-fripes-bidules-secours-populaire\/#primaryimage\"},\"image\":{\"@id\":\"https:\/\/www.eylg-photo.com\/fr\/2019\/03\/inauguration-madeleine-fripes-bidules-secours-populaire\/#primaryimage\"},\"thumbnailUrl\":\"https:\/\/i0.wp.com\/www.eylg-photo.com\/wp-content\/uploads\/2019\/03\/EyLG_2019-03-08_inauguration_Madeleine-01.jpg?fit=1440%2C960&ssl=1\",\"datePublished\":\"2019-03-16T13:29:46+00:00\",\"dateModified\":\"2019-03-16T13:56:18+00:00\",\"description\":\"Vendredi 8 mars 2019 avait lieu l\u2019inauguration de la boutique Madeleine \\\"Fripes & Bidules\\\". Projet pilote du Secours Populaires de Nantes...\",\"breadcrumb\":{\"@id\":\"https:\/\/www.eylg-photo.com\/fr\/2019\/03\/inauguration-madeleine-fripes-bidules-secours-populaire\/#breadcrumb\"},\"inLanguage\":\"fr-FR\",\"potentialAction\":[{\"@type\":\"ReadAction\",\"target\":[\"https:\/\/www.eylg-photo.com\/fr\/2019\/03\/inauguration-madeleine-fripes-bidules-secours-populaire\/\"]}]},{\"@type\":\"ImageObject\",\"inLanguage\":\"fr-FR\",\"@id\":\"https:\/\/www.eylg-photo.com\/fr\/2019\/03\/inauguration-madeleine-fripes-bidules-secours-populaire\/#primaryimage\",\"url\":\"https:\/\/i0.wp.com\/www.eylg-photo.com\/wp-content\/uploads\/2019\/03\/EyLG_2019-03-08_inauguration_Madeleine-01.jpg?fit=1440%2C960&ssl=1\",\"contentUrl\":\"https:\/\/i0.wp.com\/www.eylg-photo.com\/wp-content\/uploads\/2019\/03\/EyLG_2019-03-08_inauguration_Madeleine-01.jpg?fit=1440%2C960&ssl=1\",\"width\":1440,\"height\":960,\"caption\":\"Madeleine \\\"Fripes & Bidules\\\" - Secours Populaires de Nantes\"},{\"@type\":\"BreadcrumbList\",\"@id\":\"https:\/\/www.eylg-photo.com\/fr\/2019\/03\/inauguration-madeleine-fripes-bidules-secours-populaire\/#breadcrumb\",\"itemListElement\":[{\"@type\":\"ListItem\",\"position\":1,\"name\":\"Home\",\"item\":\"https:\/\/www.eylg-photo.com\/\"},{\"@type\":\"ListItem\",\"position\":2,\"name\":\"Inauguration boutique Madeleine \u00ab\u00a0Fripes &#038; Bidules\u00a0\u00bb [Secours Populaire]\"}]},{\"@type\":\"WebSite\",\"@id\":\"https:\/\/www.eylg-photo.com\/#website\",\"url\":\"https:\/\/www.eylg-photo.com\/\",\"name\":\"EyLG Photography\",\"description\":\"Eymeric Laurent-Gascoin photography\",\"publisher\":{\"@id\":\"https:\/\/www.eylg-photo.com\/#\/schema\/person\/2f778f2b88369af952e717a222b8aded\"},\"potentialAction\":[{\"@type\":\"SearchAction\",\"target\":{\"@type\":\"EntryPoint\",\"urlTemplate\":\"https:\/\/www.eylg-photo.com\/?s={search_term_string}\"},\"query-input\":{\"@type\":\"PropertyValueSpecification\",\"valueRequired\":true,\"valueName\":\"search_term_string\"}}],\"inLanguage\":\"fr-FR\"},{\"@type\":[\"Person\",\"Organization\"],\"@id\":\"https:\/\/www.eylg-photo.com\/#\/schema\/person\/2f778f2b88369af952e717a222b8aded\",\"name\":\"Eymeric\",\"image\":{\"@type\":\"ImageObject\",\"inLanguage\":\"fr-FR\",\"@id\":\"https:\/\/www.eylg-photo.com\/#\/schema\/person\/image\/\",\"url\":\"https:\/\/i2.wp.com\/www.eylg-photo.com\/wp-content\/uploads\/2021\/12\/Logo.png?fit=510%2C110&ssl=1\",\"contentUrl\":\"https:\/\/i2.wp.com\/www.eylg-photo.com\/wp-content\/uploads\/2021\/12\/Logo.png?fit=510%2C110&ssl=1\",\"width\":510,\"height\":110,\"caption\":\"Eymeric\"},\"logo\":{\"@id\":\"https:\/\/www.eylg-photo.com\/#\/schema\/person\/image\/\"},\"sameAs\":[\"https:\/\/www.facebook.com\/EyLGphoto\/\",\"https:\/\/www.instagram.com\/eylgphoto\/\"]}]}<\/script>\n<!-- \/ Yoast SEO plugin. -->","yoast_head_json":{"title":"Inauguration boutique Madeleine \"Fripes & Bidules\" [Secours Populaire] - EyLG Photography","description":"Vendredi 8 mars 2019 avait lieu l\u2019inauguration de la boutique Madeleine \"Fripes & Bidules\". Projet pilote du Secours Populaires de Nantes...","robots":{"index":"index","follow":"follow","max-snippet":"max-snippet:-1","max-image-preview":"max-image-preview:large","max-video-preview":"max-video-preview:-1"},"canonical":"https:\/\/www.eylg-photo.com\/fr\/2019\/03\/inauguration-madeleine-fripes-bidules-secours-populaire\/","og_locale":"fr_FR","og_type":"article","og_title":"Inauguration boutique Madeleine \"Fripes & Bidules\" [Secours Populaire] - EyLG Photography","og_description":"Vendredi 8 mars 2019 avait lieu l\u2019inauguration de la boutique Madeleine \"Fripes & Bidules\". Projet pilote du Secours Populaires de Nantes...","og_url":"https:\/\/www.eylg-photo.com\/fr\/2019\/03\/inauguration-madeleine-fripes-bidules-secours-populaire\/","og_site_name":"EyLG Photography","article_publisher":"https:\/\/www.facebook.com\/EyLGphoto\/","article_author":"https:\/\/www.facebook.com\/EyLGphoto\/","article_published_time":"2019-03-16T13:29:46+00:00","article_modified_time":"2019-03-16T13:56:18+00:00","og_image":[{"width":1200,"height":630,"url":"https:\/\/i1.wp.com\/www.eylg-photo.com\/wp-content\/uploads\/2019\/03\/EyLG_2019-03-08_inauguration_Madeleine-FB.jpg?fit=1200%2C630&ssl=1","type":"image\/jpeg"}],"author":"Eymeric","twitter_card":"summary_large_image","twitter_misc":{"\u00c9crit par":"Eymeric","Dur\u00e9e de lecture estim\u00e9e":"1 minute"},"schema":{"@context":"https:\/\/schema.org","@graph":[{"@type":"Article","@id":"https:\/\/www.eylg-photo.com\/fr\/2019\/03\/inauguration-madeleine-fripes-bidules-secours-populaire\/#article","isPartOf":{"@id":"https:\/\/www.eylg-photo.com\/fr\/2019\/03\/inauguration-madeleine-fripes-bidules-secours-populaire\/"},"author":{"name":"Eymeric","@id":"https:\/\/www.eylg-photo.com\/#\/schema\/person\/2f778f2b88369af952e717a222b8aded"},"headline":"Inauguration boutique Madeleine \u00ab\u00a0Fripes &#038; Bidules\u00a0\u00bb [Secours Populaire]","datePublished":"2019-03-16T13:29:46+00:00","dateModified":"2019-03-16T13:56:18+00:00","mainEntityOfPage":{"@id":"https:\/\/www.eylg-photo.com\/fr\/2019\/03\/inauguration-madeleine-fripes-bidules-secours-populaire\/"},"wordCount":116,"publisher":{"@id":"https:\/\/www.eylg-photo.com\/#\/schema\/person\/2f778f2b88369af952e717a222b8aded"},"image":{"@id":"https:\/\/www.eylg-photo.com\/fr\/2019\/03\/inauguration-madeleine-fripes-bidules-secours-populaire\/#primaryimage"},"thumbnailUrl":"https:\/\/i0.wp.com\/www.eylg-photo.com\/wp-content\/uploads\/2019\/03\/EyLG_2019-03-08_inauguration_Madeleine-01.jpg?fit=1440%2C960&ssl=1","inLanguage":"fr-FR"},{"@type":"WebPage","@id":"https:\/\/www.eylg-photo.com\/fr\/2019\/03\/inauguration-madeleine-fripes-bidules-secours-populaire\/","url":"https:\/\/www.eylg-photo.com\/fr\/2019\/03\/inauguration-madeleine-fripes-bidules-secours-populaire\/","name":"Inauguration boutique Madeleine \"Fripes & Bidules\" [Secours Populaire] - EyLG Photography","isPartOf":{"@id":"https:\/\/www.eylg-photo.com\/#website"},"primaryImageOfPage":{"@id":"https:\/\/www.eylg-photo.com\/fr\/2019\/03\/inauguration-madeleine-fripes-bidules-secours-populaire\/#primaryimage"},"image":{"@id":"https:\/\/www.eylg-photo.com\/fr\/2019\/03\/inauguration-madeleine-fripes-bidules-secours-populaire\/#primaryimage"},"thumbnailUrl":"https:\/\/i0.wp.com\/www.eylg-photo.com\/wp-content\/uploads\/2019\/03\/EyLG_2019-03-08_inauguration_Madeleine-01.jpg?fit=1440%2C960&ssl=1","datePublished":"2019-03-16T13:29:46+00:00","dateModified":"2019-03-16T13:56:18+00:00","description":"Vendredi 8 mars 2019 avait lieu l\u2019inauguration de la boutique Madeleine \"Fripes & Bidules\". Projet pilote du Secours Populaires de Nantes...","breadcrumb":{"@id":"https:\/\/www.eylg-photo.com\/fr\/2019\/03\/inauguration-madeleine-fripes-bidules-secours-populaire\/#breadcrumb"},"inLanguage":"fr-FR","potentialAction":[{"@type":"ReadAction","target":["https:\/\/www.eylg-photo.com\/fr\/2019\/03\/inauguration-madeleine-fripes-bidules-secours-populaire\/"]}]},{"@type":"ImageObject","inLanguage":"fr-FR","@id":"https:\/\/www.eylg-photo.com\/fr\/2019\/03\/inauguration-madeleine-fripes-bidules-secours-populaire\/#primaryimage","url":"https:\/\/i0.wp.com\/www.eylg-photo.com\/wp-content\/uploads\/2019\/03\/EyLG_2019-03-08_inauguration_Madeleine-01.jpg?fit=1440%2C960&ssl=1","contentUrl":"https:\/\/i0.wp.com\/www.eylg-photo.com\/wp-content\/uploads\/2019\/03\/EyLG_2019-03-08_inauguration_Madeleine-01.jpg?fit=1440%2C960&ssl=1","width":1440,"height":960,"caption":"Madeleine \"Fripes & Bidules\" - Secours Populaires de Nantes"},{"@type":"BreadcrumbList","@id":"https:\/\/www.eylg-photo.com\/fr\/2019\/03\/inauguration-madeleine-fripes-bidules-secours-populaire\/#breadcrumb","itemListElement":[{"@type":"ListItem","position":1,"name":"Home","item":"https:\/\/www.eylg-photo.com\/"},{"@type":"ListItem","position":2,"name":"Inauguration boutique Madeleine \u00ab\u00a0Fripes &#038; Bidules\u00a0\u00bb [Secours Populaire]"}]},{"@type":"WebSite","@id":"https:\/\/www.eylg-photo.com\/#website","url":"https:\/\/www.eylg-photo.com\/","name":"EyLG Photography","description":"Eymeric Laurent-Gascoin photography","publisher":{"@id":"https:\/\/www.eylg-photo.com\/#\/schema\/person\/2f778f2b88369af952e717a222b8aded"},"potentialAction":[{"@type":"SearchAction","target":{"@type":"EntryPoint","urlTemplate":"https:\/\/www.eylg-photo.com\/?s={search_term_string}"},"query-input":{"@type":"PropertyValueSpecification","valueRequired":true,"valueName":"search_term_string"}}],"inLanguage":"fr-FR"},{"@type":["Person","Organization"],"@id":"https:\/\/www.eylg-photo.com\/#\/schema\/person\/2f778f2b88369af952e717a222b8aded","name":"Eymeric","image":{"@type":"ImageObject","inLanguage":"fr-FR","@id":"https:\/\/www.eylg-photo.com\/#\/schema\/person\/image\/","url":"https:\/\/i2.wp.com\/www.eylg-photo.com\/wp-content\/uploads\/2021\/12\/Logo.png?fit=510%2C110&ssl=1","contentUrl":"https:\/\/i2.wp.com\/www.eylg-photo.com\/wp-content\/uploads\/2021\/12\/Logo.png?fit=510%2C110&ssl=1","width":510,"height":110,"caption":"Eymeric"},"logo":{"@id":"https:\/\/www.eylg-photo.com\/#\/schema\/person\/image\/"},"sameAs":["https:\/\/www.facebook.com\/EyLGphoto\/","https:\/\/www.instagram.com\/eylgphoto\/"]}]}},"jetpack_featured_media_url":"https:\/\/i0.wp.com\/www.eylg-photo.com\/wp-content\/uploads\/2019\/03\/EyLG_2019-03-08_inauguration_Madeleine-01.jpg?fit=1440%2C960&ssl=1","jetpack_shortlink":"https:\/\/wp.me\/p5dFV6-3gQ","jetpack_sharing_enabled":true,"_links":{"self":[{"href":"https:\/\/www.eylg-photo.com\/fr\/wp-json\/wp\/v2\/posts\/12576","targetHints":{"allow":["GET"]}}],"collection":[{"href":"https:\/\/www.eylg-photo.com\/fr\/wp-json\/wp\/v2\/posts"}],"about":[{"href":"https:\/\/www.eylg-photo.com\/fr\/wp-json\/wp\/v2\/types\/post"}],"author":[{"embeddable":true,"href":"https:\/\/www.eylg-photo.com\/fr\/wp-json\/wp\/v2\/users\/1"}],"replies":[{"embeddable":true,"href":"https:\/\/www.eylg-photo.com\/fr\/wp-json\/wp\/v2\/comments?post=12576"}],"version-history":[{"count":0,"href":"https:\/\/www.eylg-photo.com\/fr\/wp-json\/wp\/v2\/posts\/12576\/revisions"}],"wp:featuredmedia":[{"embeddable":true,"href":"https:\/\/www.eylg-photo.com\/fr\/wp-json\/wp\/v2\/media\/12577"}],"wp:attachment":[{"href":"https:\/\/www.eylg-photo.com\/fr\/wp-json\/wp\/v2\/media?parent=12576"}],"wp:term":[{"taxonomy":"category","embeddable":true,"href":"https:\/\/www.eylg-photo.com\/fr\/wp-json\/wp\/v2\/categories?post=12576"},{"taxonomy":"post_tag","embeddable":true,"href":"https:\/\/www.eylg-photo.com\/fr\/wp-json\/wp\/v2\/tags?post=12576"}],"curies":[{"name":"wp","href":"https:\/\/api.w.org\/{rel}","templated":true}]}}