{"id":11648,"date":"2017-05-30T16:43:09","date_gmt":"2017-05-30T15:43:09","guid":{"rendered":"https:\/\/www.eylg-photo.com\/?p=11648"},"modified":"2021-03-01T15:53:47","modified_gmt":"2021-03-01T15:53:47","slug":"festival-focales-en-vercors-2017-reportage","status":"publish","type":"post","link":"https:\/\/www.eylg-photo.com\/fr\/2017\/05\/festival-focales-en-vercors-2017-reportage\/","title":{"rendered":"Festival Focales en Vercors 2017 \u2013 Reportage France3"},"content":{"rendered":"<p>Un reportage de France3 r\u00e9gion sur le Festival photographique <a href=\"http:\/\/www.focales-en-vercors.org\/\" target=\"_blank\" rel=\"noopener\">Focales en Vercors<\/a> 2017 (avec Roland &amp; Sabrina Michaud comme parrains de l\u2019\u00e9v\u00e8nement) diffus\u00e9 le 25 mai 2017.<br \/>\nPr\u00e9sentation du festival Focales en Vercors \u00e9dition 2017, interview de <a href=\"https:\/\/www.photo-sorin.com\/\" target=\"_blank\" rel=\"noopener\">Christophe Sorin<\/a>, cofondateur du festival Focales en Vercors (et photographe), interview de Michael Busse parrain de l&rsquo;\u00e9dition 2013 (photographe &amp; r\u00e9alisateur &#8211; Berlin), interview d&rsquo;Eymeric Laurent-Gascoin et pr\u00e9sentation du photo-reportage \u00ab\u00a0<a href=\"https:\/\/www.eylg-photo.com\/fr\/project\/culte-des-saints\/\" target=\"_blank\" rel=\"noopener\">Culte des Saints <em>ou<\/em> L\u00e9gende et Pi\u00e9t\u00e9<\/a>\u00a0\u00bb &amp; \u00ab\u00a0<a href=\"https:\/\/www.eylg-photo.com\/fr\/project\/culte-des-saints-2\/\" target=\"_blank\" rel=\"noopener\">Culte des Saints<\/a>\u00ab\u00a0<\/p>\n","protected":false},"excerpt":{"rendered":"<p>Un reportage de France3 r\u00e9gion sur le Festival photographique Focales en Vercors 2017 (avec Roland &amp; Sabrina Michaud comme parrains de l\u2019\u00e9v\u00e8nement) diffus\u00e9 le 25 mai 2017. Pr\u00e9sentation du festival Focales en Vercors \u00e9dition 2017, interview de Christophe Sorin, cofondateur du festival Focales en Vercors (et photographe), interview de Michael Busse parrain de l&rsquo;\u00e9dition 2013 (photographe &amp; r\u00e9alisateur &#8211; Berlin), interview d&rsquo;Eymeric Laurent-Gascoin et pr\u00e9sentation du photo-reportage \u00ab\u00a0Culte des Saints ou L\u00e9gende et Pi\u00e9t\u00e9\u00a0\u00bb &amp; \u00ab\u00a0Culte des Saints\u00ab\u00a0<\/p>\n","protected":false},"author":1,"featured_media":11148,"comment_status":"closed","ping_status":"closed","sticky":false,"template":"","format":"video","meta":{"_jetpack_memberships_contains_paid_content":false,"footnotes":""},"categories":[78],"tags":[],"class_list":["post-11648","post","type-post","status-publish","format-video","has-post-thumbnail","hentry","category-exposition","post_format-post-format-video"],"yoast_head":"<!-- This site is optimized with the Yoast SEO plugin v25.8 - https:\/\/yoast.com\/wordpress\/plugins\/seo\/ -->\n<title>Festival Focales en Vercors 2017 \u2013 Reportage France3 - EyLG Photography<\/title>\n<meta name=\"description\" content=\"Reportage de France3 r\u00e9gion sur le Festival photographique Focales en Vercors 2017: Christophe Sorin, Michael Busse et Eymeric Laurent-Gascoin\" \/>\n<meta name=\"robots\" content=\"index, follow, max-snippet:-1, max-image-preview:large, max-video-preview:-1\" \/>\n<link rel=\"canonical\" href=\"https:\/\/www.eylg-photo.com\/fr\/2017\/05\/festival-focales-en-vercors-2017-reportage\/\" \/>\n<meta property=\"og:locale\" content=\"fr_FR\" \/>\n<meta property=\"og:type\" content=\"article\" \/>\n<meta property=\"og:title\" content=\"Festival Focales en Vercors 2017 \u2013 Reportage France3 - EyLG Photography\" \/>\n<meta property=\"og:description\" content=\"Reportage de France3 r\u00e9gion sur le Festival photographique Focales en Vercors 2017: Christophe Sorin, Michael Busse et Eymeric Laurent-Gascoin\" \/>\n<meta property=\"og:url\" content=\"https:\/\/www.eylg-photo.com\/fr\/2017\/05\/festival-focales-en-vercors-2017-reportage\/\" \/>\n<meta property=\"og:site_name\" content=\"EyLG Photography\" \/>\n<meta property=\"article:publisher\" content=\"https:\/\/www.facebook.com\/EyLGphoto\/\" \/>\n<meta property=\"article:author\" content=\"https:\/\/www.facebook.com\/EyLGphoto\/\" \/>\n<meta property=\"article:published_time\" content=\"2017-05-30T15:43:09+00:00\" \/>\n<meta property=\"article:modified_time\" content=\"2021-03-01T15:53:47+00:00\" \/>\n<meta property=\"og:image\" content=\"https:\/\/i0.wp.com\/www.eylg-photo.com\/wp-content\/uploads\/2017\/05\/EyLG-Ethiopia-Dirree-Sheek-Huseen-Sufi-Oromo-FB.jpg?fit=1200%2C630&ssl=1\" \/>\n\t<meta property=\"og:image:width\" content=\"1200\" \/>\n\t<meta property=\"og:image:height\" content=\"630\" \/>\n\t<meta property=\"og:image:type\" content=\"image\/jpeg\" \/>\n<meta name=\"author\" content=\"Eymeric\" \/>\n<meta name=\"twitter:card\" content=\"summary_large_image\" \/>\n<meta name=\"twitter:label1\" content=\"\u00c9crit par\" \/>\n\t<meta name=\"twitter:data1\" content=\"Eymeric\" \/>\n<script type=\"application\/ld+json\" class=\"yoast-schema-graph\">{\"@context\":\"https:\/\/schema.org\",\"@graph\":[{\"@type\":\"Article\",\"@id\":\"https:\/\/www.eylg-photo.com\/fr\/2017\/05\/festival-focales-en-vercors-2017-reportage\/#article\",\"isPartOf\":{\"@id\":\"https:\/\/www.eylg-photo.com\/fr\/2017\/05\/festival-focales-en-vercors-2017-reportage\/\"},\"author\":{\"name\":\"Eymeric\",\"@id\":\"https:\/\/www.eylg-photo.com\/#\/schema\/person\/2f778f2b88369af952e717a222b8aded\"},\"headline\":\"Festival Focales en Vercors 2017 \u2013 Reportage France3\",\"datePublished\":\"2017-05-30T15:43:09+00:00\",\"dateModified\":\"2021-03-01T15:53:47+00:00\",\"mainEntityOfPage\":{\"@id\":\"https:\/\/www.eylg-photo.com\/fr\/2017\/05\/festival-focales-en-vercors-2017-reportage\/\"},\"wordCount\":88,\"publisher\":{\"@id\":\"https:\/\/www.eylg-photo.com\/#\/schema\/person\/2f778f2b88369af952e717a222b8aded\"},\"image\":{\"@id\":\"https:\/\/www.eylg-photo.com\/fr\/2017\/05\/festival-focales-en-vercors-2017-reportage\/#primaryimage\"},\"thumbnailUrl\":\"https:\/\/i0.wp.com\/www.eylg-photo.com\/wp-content\/uploads\/2017\/05\/EyLG-Ethiopia-Dirree-Sheek-Huseen-Sufi-Oromo-FB.jpg?fit=1200%2C630&ssl=1\",\"articleSection\":[\"Exposition\"],\"inLanguage\":\"fr-FR\"},{\"@type\":\"WebPage\",\"@id\":\"https:\/\/www.eylg-photo.com\/fr\/2017\/05\/festival-focales-en-vercors-2017-reportage\/\",\"url\":\"https:\/\/www.eylg-photo.com\/fr\/2017\/05\/festival-focales-en-vercors-2017-reportage\/\",\"name\":\"Festival Focales en Vercors 2017 \u2013 Reportage France3 - EyLG Photography\",\"isPartOf\":{\"@id\":\"https:\/\/www.eylg-photo.com\/#website\"},\"primaryImageOfPage\":{\"@id\":\"https:\/\/www.eylg-photo.com\/fr\/2017\/05\/festival-focales-en-vercors-2017-reportage\/#primaryimage\"},\"image\":{\"@id\":\"https:\/\/www.eylg-photo.com\/fr\/2017\/05\/festival-focales-en-vercors-2017-reportage\/#primaryimage\"},\"thumbnailUrl\":\"https:\/\/i0.wp.com\/www.eylg-photo.com\/wp-content\/uploads\/2017\/05\/EyLG-Ethiopia-Dirree-Sheek-Huseen-Sufi-Oromo-FB.jpg?fit=1200%2C630&ssl=1\",\"datePublished\":\"2017-05-30T15:43:09+00:00\",\"dateModified\":\"2021-03-01T15:53:47+00:00\",\"description\":\"Reportage de France3 r\u00e9gion sur le Festival photographique Focales en Vercors 2017: Christophe Sorin, Michael Busse et Eymeric Laurent-Gascoin\",\"breadcrumb\":{\"@id\":\"https:\/\/www.eylg-photo.com\/fr\/2017\/05\/festival-focales-en-vercors-2017-reportage\/#breadcrumb\"},\"inLanguage\":\"fr-FR\",\"potentialAction\":[{\"@type\":\"ReadAction\",\"target\":[\"https:\/\/www.eylg-photo.com\/fr\/2017\/05\/festival-focales-en-vercors-2017-reportage\/\"]}]},{\"@type\":\"ImageObject\",\"inLanguage\":\"fr-FR\",\"@id\":\"https:\/\/www.eylg-photo.com\/fr\/2017\/05\/festival-focales-en-vercors-2017-reportage\/#primaryimage\",\"url\":\"https:\/\/i0.wp.com\/www.eylg-photo.com\/wp-content\/uploads\/2017\/05\/EyLG-Ethiopia-Dirree-Sheek-Huseen-Sufi-Oromo-FB.jpg?fit=1200%2C630&ssl=1\",\"contentUrl\":\"https:\/\/i0.wp.com\/www.eylg-photo.com\/wp-content\/uploads\/2017\/05\/EyLG-Ethiopia-Dirree-Sheek-Huseen-Sufi-Oromo-FB.jpg?fit=1200%2C630&ssl=1\",\"width\":1200,\"height\":630,\"caption\":\"Focales en Vercors 2017 \u2013 France television reportage\"},{\"@type\":\"BreadcrumbList\",\"@id\":\"https:\/\/www.eylg-photo.com\/fr\/2017\/05\/festival-focales-en-vercors-2017-reportage\/#breadcrumb\",\"itemListElement\":[{\"@type\":\"ListItem\",\"position\":1,\"name\":\"Home\",\"item\":\"https:\/\/www.eylg-photo.com\/\"},{\"@type\":\"ListItem\",\"position\":2,\"name\":\"Festival Focales en Vercors 2017 \u2013 Reportage France3\"}]},{\"@type\":\"WebSite\",\"@id\":\"https:\/\/www.eylg-photo.com\/#website\",\"url\":\"https:\/\/www.eylg-photo.com\/\",\"name\":\"EyLG Photography\",\"description\":\"Eymeric Laurent-Gascoin photography\",\"publisher\":{\"@id\":\"https:\/\/www.eylg-photo.com\/#\/schema\/person\/2f778f2b88369af952e717a222b8aded\"},\"potentialAction\":[{\"@type\":\"SearchAction\",\"target\":{\"@type\":\"EntryPoint\",\"urlTemplate\":\"https:\/\/www.eylg-photo.com\/?s={search_term_string}\"},\"query-input\":{\"@type\":\"PropertyValueSpecification\",\"valueRequired\":true,\"valueName\":\"search_term_string\"}}],\"inLanguage\":\"fr-FR\"},{\"@type\":[\"Person\",\"Organization\"],\"@id\":\"https:\/\/www.eylg-photo.com\/#\/schema\/person\/2f778f2b88369af952e717a222b8aded\",\"name\":\"Eymeric\",\"image\":{\"@type\":\"ImageObject\",\"inLanguage\":\"fr-FR\",\"@id\":\"https:\/\/www.eylg-photo.com\/#\/schema\/person\/image\/\",\"url\":\"https:\/\/i2.wp.com\/www.eylg-photo.com\/wp-content\/uploads\/2021\/12\/Logo.png?fit=510%2C110&ssl=1\",\"contentUrl\":\"https:\/\/i2.wp.com\/www.eylg-photo.com\/wp-content\/uploads\/2021\/12\/Logo.png?fit=510%2C110&ssl=1\",\"width\":510,\"height\":110,\"caption\":\"Eymeric\"},\"logo\":{\"@id\":\"https:\/\/www.eylg-photo.com\/#\/schema\/person\/image\/\"},\"sameAs\":[\"https:\/\/www.facebook.com\/EyLGphoto\/\",\"https:\/\/www.instagram.com\/eylgphoto\/\"]}]}<\/script>\n<!-- \/ Yoast SEO plugin. -->","yoast_head_json":{"title":"Festival Focales en Vercors 2017 \u2013 Reportage France3 - EyLG Photography","description":"Reportage de France3 r\u00e9gion sur le Festival photographique Focales en Vercors 2017: Christophe Sorin, Michael Busse et Eymeric Laurent-Gascoin","robots":{"index":"index","follow":"follow","max-snippet":"max-snippet:-1","max-image-preview":"max-image-preview:large","max-video-preview":"max-video-preview:-1"},"canonical":"https:\/\/www.eylg-photo.com\/fr\/2017\/05\/festival-focales-en-vercors-2017-reportage\/","og_locale":"fr_FR","og_type":"article","og_title":"Festival Focales en Vercors 2017 \u2013 Reportage France3 - EyLG Photography","og_description":"Reportage de France3 r\u00e9gion sur le Festival photographique Focales en Vercors 2017: Christophe Sorin, Michael Busse et Eymeric Laurent-Gascoin","og_url":"https:\/\/www.eylg-photo.com\/fr\/2017\/05\/festival-focales-en-vercors-2017-reportage\/","og_site_name":"EyLG Photography","article_publisher":"https:\/\/www.facebook.com\/EyLGphoto\/","article_author":"https:\/\/www.facebook.com\/EyLGphoto\/","article_published_time":"2017-05-30T15:43:09+00:00","article_modified_time":"2021-03-01T15:53:47+00:00","og_image":[{"width":1200,"height":630,"url":"https:\/\/i0.wp.com\/www.eylg-photo.com\/wp-content\/uploads\/2017\/05\/EyLG-Ethiopia-Dirree-Sheek-Huseen-Sufi-Oromo-FB.jpg?fit=1200%2C630&ssl=1","type":"image\/jpeg"}],"author":"Eymeric","twitter_card":"summary_large_image","twitter_misc":{"\u00c9crit par":"Eymeric"},"schema":{"@context":"https:\/\/schema.org","@graph":[{"@type":"Article","@id":"https:\/\/www.eylg-photo.com\/fr\/2017\/05\/festival-focales-en-vercors-2017-reportage\/#article","isPartOf":{"@id":"https:\/\/www.eylg-photo.com\/fr\/2017\/05\/festival-focales-en-vercors-2017-reportage\/"},"author":{"name":"Eymeric","@id":"https:\/\/www.eylg-photo.com\/#\/schema\/person\/2f778f2b88369af952e717a222b8aded"},"headline":"Festival Focales en Vercors 2017 \u2013 Reportage France3","datePublished":"2017-05-30T15:43:09+00:00","dateModified":"2021-03-01T15:53:47+00:00","mainEntityOfPage":{"@id":"https:\/\/www.eylg-photo.com\/fr\/2017\/05\/festival-focales-en-vercors-2017-reportage\/"},"wordCount":88,"publisher":{"@id":"https:\/\/www.eylg-photo.com\/#\/schema\/person\/2f778f2b88369af952e717a222b8aded"},"image":{"@id":"https:\/\/www.eylg-photo.com\/fr\/2017\/05\/festival-focales-en-vercors-2017-reportage\/#primaryimage"},"thumbnailUrl":"https:\/\/i0.wp.com\/www.eylg-photo.com\/wp-content\/uploads\/2017\/05\/EyLG-Ethiopia-Dirree-Sheek-Huseen-Sufi-Oromo-FB.jpg?fit=1200%2C630&ssl=1","articleSection":["Exposition"],"inLanguage":"fr-FR"},{"@type":"WebPage","@id":"https:\/\/www.eylg-photo.com\/fr\/2017\/05\/festival-focales-en-vercors-2017-reportage\/","url":"https:\/\/www.eylg-photo.com\/fr\/2017\/05\/festival-focales-en-vercors-2017-reportage\/","name":"Festival Focales en Vercors 2017 \u2013 Reportage France3 - EyLG Photography","isPartOf":{"@id":"https:\/\/www.eylg-photo.com\/#website"},"primaryImageOfPage":{"@id":"https:\/\/www.eylg-photo.com\/fr\/2017\/05\/festival-focales-en-vercors-2017-reportage\/#primaryimage"},"image":{"@id":"https:\/\/www.eylg-photo.com\/fr\/2017\/05\/festival-focales-en-vercors-2017-reportage\/#primaryimage"},"thumbnailUrl":"https:\/\/i0.wp.com\/www.eylg-photo.com\/wp-content\/uploads\/2017\/05\/EyLG-Ethiopia-Dirree-Sheek-Huseen-Sufi-Oromo-FB.jpg?fit=1200%2C630&ssl=1","datePublished":"2017-05-30T15:43:09+00:00","dateModified":"2021-03-01T15:53:47+00:00","description":"Reportage de France3 r\u00e9gion sur le Festival photographique Focales en Vercors 2017: Christophe Sorin, Michael Busse et Eymeric Laurent-Gascoin","breadcrumb":{"@id":"https:\/\/www.eylg-photo.com\/fr\/2017\/05\/festival-focales-en-vercors-2017-reportage\/#breadcrumb"},"inLanguage":"fr-FR","potentialAction":[{"@type":"ReadAction","target":["https:\/\/www.eylg-photo.com\/fr\/2017\/05\/festival-focales-en-vercors-2017-reportage\/"]}]},{"@type":"ImageObject","inLanguage":"fr-FR","@id":"https:\/\/www.eylg-photo.com\/fr\/2017\/05\/festival-focales-en-vercors-2017-reportage\/#primaryimage","url":"https:\/\/i0.wp.com\/www.eylg-photo.com\/wp-content\/uploads\/2017\/05\/EyLG-Ethiopia-Dirree-Sheek-Huseen-Sufi-Oromo-FB.jpg?fit=1200%2C630&ssl=1","contentUrl":"https:\/\/i0.wp.com\/www.eylg-photo.com\/wp-content\/uploads\/2017\/05\/EyLG-Ethiopia-Dirree-Sheek-Huseen-Sufi-Oromo-FB.jpg?fit=1200%2C630&ssl=1","width":1200,"height":630,"caption":"Focales en Vercors 2017 \u2013 France television reportage"},{"@type":"BreadcrumbList","@id":"https:\/\/www.eylg-photo.com\/fr\/2017\/05\/festival-focales-en-vercors-2017-reportage\/#breadcrumb","itemListElement":[{"@type":"ListItem","position":1,"name":"Home","item":"https:\/\/www.eylg-photo.com\/"},{"@type":"ListItem","position":2,"name":"Festival Focales en Vercors 2017 \u2013 Reportage France3"}]},{"@type":"WebSite","@id":"https:\/\/www.eylg-photo.com\/#website","url":"https:\/\/www.eylg-photo.com\/","name":"EyLG Photography","description":"Eymeric Laurent-Gascoin photography","publisher":{"@id":"https:\/\/www.eylg-photo.com\/#\/schema\/person\/2f778f2b88369af952e717a222b8aded"},"potentialAction":[{"@type":"SearchAction","target":{"@type":"EntryPoint","urlTemplate":"https:\/\/www.eylg-photo.com\/?s={search_term_string}"},"query-input":{"@type":"PropertyValueSpecification","valueRequired":true,"valueName":"search_term_string"}}],"inLanguage":"fr-FR"},{"@type":["Person","Organization"],"@id":"https:\/\/www.eylg-photo.com\/#\/schema\/person\/2f778f2b88369af952e717a222b8aded","name":"Eymeric","image":{"@type":"ImageObject","inLanguage":"fr-FR","@id":"https:\/\/www.eylg-photo.com\/#\/schema\/person\/image\/","url":"https:\/\/i2.wp.com\/www.eylg-photo.com\/wp-content\/uploads\/2021\/12\/Logo.png?fit=510%2C110&ssl=1","contentUrl":"https:\/\/i2.wp.com\/www.eylg-photo.com\/wp-content\/uploads\/2021\/12\/Logo.png?fit=510%2C110&ssl=1","width":510,"height":110,"caption":"Eymeric"},"logo":{"@id":"https:\/\/www.eylg-photo.com\/#\/schema\/person\/image\/"},"sameAs":["https:\/\/www.facebook.com\/EyLGphoto\/","https:\/\/www.instagram.com\/eylgphoto\/"]}]}},"jetpack_featured_media_url":"https:\/\/i0.wp.com\/www.eylg-photo.com\/wp-content\/uploads\/2017\/05\/EyLG-Ethiopia-Dirree-Sheek-Huseen-Sufi-Oromo-FB.jpg?fit=1200%2C630&ssl=1","jetpack_shortlink":"https:\/\/wp.me\/p5dFV6-31S","jetpack_sharing_enabled":true,"_links":{"self":[{"href":"https:\/\/www.eylg-photo.com\/fr\/wp-json\/wp\/v2\/posts\/11648","targetHints":{"allow":["GET"]}}],"collection":[{"href":"https:\/\/www.eylg-photo.com\/fr\/wp-json\/wp\/v2\/posts"}],"about":[{"href":"https:\/\/www.eylg-photo.com\/fr\/wp-json\/wp\/v2\/types\/post"}],"author":[{"embeddable":true,"href":"https:\/\/www.eylg-photo.com\/fr\/wp-json\/wp\/v2\/users\/1"}],"replies":[{"embeddable":true,"href":"https:\/\/www.eylg-photo.com\/fr\/wp-json\/wp\/v2\/comments?post=11648"}],"version-history":[{"count":0,"href":"https:\/\/www.eylg-photo.com\/fr\/wp-json\/wp\/v2\/posts\/11648\/revisions"}],"wp:featuredmedia":[{"embeddable":true,"href":"https:\/\/www.eylg-photo.com\/fr\/wp-json\/wp\/v2\/media\/11148"}],"wp:attachment":[{"href":"https:\/\/www.eylg-photo.com\/fr\/wp-json\/wp\/v2\/media?parent=11648"}],"wp:term":[{"taxonomy":"category","embeddable":true,"href":"https:\/\/www.eylg-photo.com\/fr\/wp-json\/wp\/v2\/categories?post=11648"},{"taxonomy":"post_tag","embeddable":true,"href":"https:\/\/www.eylg-photo.com\/fr\/wp-json\/wp\/v2\/tags?post=11648"}],"curies":[{"name":"wp","href":"https:\/\/api.w.org\/{rel}","templated":true}]}}