{"id":11629,"date":"2015-10-22T10:44:44","date_gmt":"2015-10-22T09:44:44","guid":{"rendered":"https:\/\/www.eylg-photo.com\/?p=11629"},"modified":"2017-09-30T18:38:54","modified_gmt":"2017-09-30T17:38:54","slug":"demi-douzaine-photographique","status":"publish","type":"post","link":"https:\/\/www.eylg-photo.com\/fr\/2015\/10\/demi-douzaine-photographique\/","title":{"rendered":"1\/2 douzaine photographique, petit aper\u00e7u&#8230;"},"content":{"rendered":"<p>Vernissage le 22 octobre \u00e0 partir de 19h00<br \/>\nEn compagnie d&rsquo;H\u00e9l\u00e8ne de Valon, Fabienne Specogna, Guillaume Lapie, Alice Godeau, Daniel Olivier, Guirec Monier, Pierre Moizan, Ryc&rsquo;ho Ryszard Swierad, Xoel Freire, Vaida Budreviciute &amp; Ricardo Lacuta<br \/>\nUn petit aper\u00e7u de l&rsquo;accrochage d&rsquo;H\u00e9l\u00e8ne de Valon en collaboration avec Ryc&rsquo;ho Ryszard Swierad et de la s\u00e9rie <a href=\"https:\/\/www.eylg-photo.com\/project\/urban-survivors\/\" target=\"_blank\" rel=\"noopener\">Urban Survivors<\/a><\/p>\n<p><a href=\"http:\/\/ateliersdebitche.org\/\" target=\"_blank\" rel=\"noopener\">Ateliers de Bitche<\/a><br \/>\n3 rue de Bitche &#8211; 44000 Nantes<\/p>\n","protected":false},"excerpt":{"rendered":"<p>Vernissage le 22 octobre \u00e0 partir de 19h00 En compagnie d&rsquo;H\u00e9l\u00e8ne de Valon, Fabienne Specogna, Guillaume Lapie, Alice Godeau, Daniel Olivier, Guirec Monier, Pierre Moizan, Ryc&rsquo;ho Ryszard Swierad, Xoel Freire, Vaida Budreviciute &amp; Ricardo Lacuta Un petit aper\u00e7u de l&rsquo;accrochage d&rsquo;H\u00e9l\u00e8ne de Valon en collaboration avec Ryc&rsquo;ho Ryszard Swierad et de la s\u00e9rie Urban Survivors Ateliers de Bitche 3 rue de Bitche &#8211; 44000 Nantes<\/p>\n","protected":false},"author":1,"featured_media":0,"comment_status":"closed","ping_status":"closed","sticky":false,"template":"","format":"gallery","meta":{"_jetpack_memberships_contains_paid_content":false,"footnotes":""},"categories":[78],"tags":[],"class_list":["post-11629","post","type-post","status-publish","format-gallery","hentry","category-exposition","post_format-post-format-gallery"],"yoast_head":"<!-- This site is optimized with the Yoast SEO plugin v25.8 - https:\/\/yoast.com\/wordpress\/plugins\/seo\/ -->\n<title>1\/2 douzaine photographique, petit aper\u00e7u... - EyLG Photography<\/title>\n<meta name=\"description\" content=\"Un petit aper\u00e7u de l&#039;accrochage d&#039;H\u00e9l\u00e8ne de Valon en collaboration avec Ryc&#039;ho Ryszard Swierad et de la s\u00e9rie Urban Survivors...\" \/>\n<meta name=\"robots\" content=\"index, follow, max-snippet:-1, max-image-preview:large, max-video-preview:-1\" \/>\n<link rel=\"canonical\" href=\"https:\/\/www.eylg-photo.com\/fr\/2015\/10\/demi-douzaine-photographique\/\" \/>\n<meta property=\"og:locale\" content=\"fr_FR\" \/>\n<meta property=\"og:type\" content=\"article\" \/>\n<meta property=\"og:title\" content=\"1\/2 douzaine photographique, petit aper\u00e7u... - EyLG Photography\" \/>\n<meta property=\"og:description\" content=\"Un petit aper\u00e7u de l&#039;accrochage d&#039;H\u00e9l\u00e8ne de Valon en collaboration avec Ryc&#039;ho Ryszard Swierad et de la s\u00e9rie Urban Survivors...\" \/>\n<meta property=\"og:url\" content=\"https:\/\/www.eylg-photo.com\/fr\/2015\/10\/demi-douzaine-photographique\/\" \/>\n<meta property=\"og:site_name\" content=\"EyLG Photography\" \/>\n<meta property=\"article:publisher\" content=\"https:\/\/www.facebook.com\/EyLGphoto\/\" \/>\n<meta property=\"article:author\" content=\"https:\/\/www.facebook.com\/EyLGphoto\/\" \/>\n<meta property=\"article:published_time\" content=\"2015-10-22T09:44:44+00:00\" \/>\n<meta property=\"article:modified_time\" content=\"2017-09-30T17:38:54+00:00\" \/>\n<meta name=\"author\" content=\"Eymeric\" \/>\n<meta name=\"twitter:card\" content=\"summary_large_image\" \/>\n<meta name=\"twitter:label1\" content=\"\u00c9crit par\" \/>\n\t<meta name=\"twitter:data1\" content=\"Eymeric\" \/>\n<script type=\"application\/ld+json\" class=\"yoast-schema-graph\">{\"@context\":\"https:\/\/schema.org\",\"@graph\":[{\"@type\":\"Article\",\"@id\":\"https:\/\/www.eylg-photo.com\/fr\/2015\/10\/demi-douzaine-photographique\/#article\",\"isPartOf\":{\"@id\":\"https:\/\/www.eylg-photo.com\/fr\/2015\/10\/demi-douzaine-photographique\/\"},\"author\":{\"name\":\"Eymeric\",\"@id\":\"https:\/\/www.eylg-photo.com\/#\/schema\/person\/2f778f2b88369af952e717a222b8aded\"},\"headline\":\"1\/2 douzaine photographique, petit aper\u00e7u&#8230;\",\"datePublished\":\"2015-10-22T09:44:44+00:00\",\"dateModified\":\"2017-09-30T17:38:54+00:00\",\"mainEntityOfPage\":{\"@id\":\"https:\/\/www.eylg-photo.com\/fr\/2015\/10\/demi-douzaine-photographique\/\"},\"wordCount\":72,\"publisher\":{\"@id\":\"https:\/\/www.eylg-photo.com\/#\/schema\/person\/2f778f2b88369af952e717a222b8aded\"},\"articleSection\":[\"Exposition\"],\"inLanguage\":\"fr-FR\"},{\"@type\":\"WebPage\",\"@id\":\"https:\/\/www.eylg-photo.com\/fr\/2015\/10\/demi-douzaine-photographique\/\",\"url\":\"https:\/\/www.eylg-photo.com\/fr\/2015\/10\/demi-douzaine-photographique\/\",\"name\":\"1\/2 douzaine photographique, petit aper\u00e7u... - EyLG Photography\",\"isPartOf\":{\"@id\":\"https:\/\/www.eylg-photo.com\/#website\"},\"datePublished\":\"2015-10-22T09:44:44+00:00\",\"dateModified\":\"2017-09-30T17:38:54+00:00\",\"description\":\"Un petit aper\u00e7u de l'accrochage d'H\u00e9l\u00e8ne de Valon en collaboration avec Ryc'ho Ryszard Swierad et de la s\u00e9rie Urban Survivors...\",\"breadcrumb\":{\"@id\":\"https:\/\/www.eylg-photo.com\/fr\/2015\/10\/demi-douzaine-photographique\/#breadcrumb\"},\"inLanguage\":\"fr-FR\",\"potentialAction\":[{\"@type\":\"ReadAction\",\"target\":[\"https:\/\/www.eylg-photo.com\/fr\/2015\/10\/demi-douzaine-photographique\/\"]}]},{\"@type\":\"BreadcrumbList\",\"@id\":\"https:\/\/www.eylg-photo.com\/fr\/2015\/10\/demi-douzaine-photographique\/#breadcrumb\",\"itemListElement\":[{\"@type\":\"ListItem\",\"position\":1,\"name\":\"Home\",\"item\":\"https:\/\/www.eylg-photo.com\/\"},{\"@type\":\"ListItem\",\"position\":2,\"name\":\"1\/2 douzaine photographique, petit aper\u00e7u&#8230;\"}]},{\"@type\":\"WebSite\",\"@id\":\"https:\/\/www.eylg-photo.com\/#website\",\"url\":\"https:\/\/www.eylg-photo.com\/\",\"name\":\"EyLG Photography\",\"description\":\"Eymeric Laurent-Gascoin photography\",\"publisher\":{\"@id\":\"https:\/\/www.eylg-photo.com\/#\/schema\/person\/2f778f2b88369af952e717a222b8aded\"},\"potentialAction\":[{\"@type\":\"SearchAction\",\"target\":{\"@type\":\"EntryPoint\",\"urlTemplate\":\"https:\/\/www.eylg-photo.com\/?s={search_term_string}\"},\"query-input\":{\"@type\":\"PropertyValueSpecification\",\"valueRequired\":true,\"valueName\":\"search_term_string\"}}],\"inLanguage\":\"fr-FR\"},{\"@type\":[\"Person\",\"Organization\"],\"@id\":\"https:\/\/www.eylg-photo.com\/#\/schema\/person\/2f778f2b88369af952e717a222b8aded\",\"name\":\"Eymeric\",\"image\":{\"@type\":\"ImageObject\",\"inLanguage\":\"fr-FR\",\"@id\":\"https:\/\/www.eylg-photo.com\/#\/schema\/person\/image\/\",\"url\":\"https:\/\/i2.wp.com\/www.eylg-photo.com\/wp-content\/uploads\/2021\/12\/Logo.png?fit=510%2C110&ssl=1\",\"contentUrl\":\"https:\/\/i2.wp.com\/www.eylg-photo.com\/wp-content\/uploads\/2021\/12\/Logo.png?fit=510%2C110&ssl=1\",\"width\":510,\"height\":110,\"caption\":\"Eymeric\"},\"logo\":{\"@id\":\"https:\/\/www.eylg-photo.com\/#\/schema\/person\/image\/\"},\"sameAs\":[\"https:\/\/www.facebook.com\/EyLGphoto\/\",\"https:\/\/www.instagram.com\/eylgphoto\/\"]}]}<\/script>\n<!-- \/ Yoast SEO plugin. -->","yoast_head_json":{"title":"1\/2 douzaine photographique, petit aper\u00e7u... - EyLG Photography","description":"Un petit aper\u00e7u de l'accrochage d'H\u00e9l\u00e8ne de Valon en collaboration avec Ryc'ho Ryszard Swierad et de la s\u00e9rie Urban Survivors...","robots":{"index":"index","follow":"follow","max-snippet":"max-snippet:-1","max-image-preview":"max-image-preview:large","max-video-preview":"max-video-preview:-1"},"canonical":"https:\/\/www.eylg-photo.com\/fr\/2015\/10\/demi-douzaine-photographique\/","og_locale":"fr_FR","og_type":"article","og_title":"1\/2 douzaine photographique, petit aper\u00e7u... - EyLG Photography","og_description":"Un petit aper\u00e7u de l'accrochage d'H\u00e9l\u00e8ne de Valon en collaboration avec Ryc'ho Ryszard Swierad et de la s\u00e9rie Urban Survivors...","og_url":"https:\/\/www.eylg-photo.com\/fr\/2015\/10\/demi-douzaine-photographique\/","og_site_name":"EyLG Photography","article_publisher":"https:\/\/www.facebook.com\/EyLGphoto\/","article_author":"https:\/\/www.facebook.com\/EyLGphoto\/","article_published_time":"2015-10-22T09:44:44+00:00","article_modified_time":"2017-09-30T17:38:54+00:00","author":"Eymeric","twitter_card":"summary_large_image","twitter_misc":{"\u00c9crit par":"Eymeric"},"schema":{"@context":"https:\/\/schema.org","@graph":[{"@type":"Article","@id":"https:\/\/www.eylg-photo.com\/fr\/2015\/10\/demi-douzaine-photographique\/#article","isPartOf":{"@id":"https:\/\/www.eylg-photo.com\/fr\/2015\/10\/demi-douzaine-photographique\/"},"author":{"name":"Eymeric","@id":"https:\/\/www.eylg-photo.com\/#\/schema\/person\/2f778f2b88369af952e717a222b8aded"},"headline":"1\/2 douzaine photographique, petit aper\u00e7u&#8230;","datePublished":"2015-10-22T09:44:44+00:00","dateModified":"2017-09-30T17:38:54+00:00","mainEntityOfPage":{"@id":"https:\/\/www.eylg-photo.com\/fr\/2015\/10\/demi-douzaine-photographique\/"},"wordCount":72,"publisher":{"@id":"https:\/\/www.eylg-photo.com\/#\/schema\/person\/2f778f2b88369af952e717a222b8aded"},"articleSection":["Exposition"],"inLanguage":"fr-FR"},{"@type":"WebPage","@id":"https:\/\/www.eylg-photo.com\/fr\/2015\/10\/demi-douzaine-photographique\/","url":"https:\/\/www.eylg-photo.com\/fr\/2015\/10\/demi-douzaine-photographique\/","name":"1\/2 douzaine photographique, petit aper\u00e7u... - EyLG Photography","isPartOf":{"@id":"https:\/\/www.eylg-photo.com\/#website"},"datePublished":"2015-10-22T09:44:44+00:00","dateModified":"2017-09-30T17:38:54+00:00","description":"Un petit aper\u00e7u de l'accrochage d'H\u00e9l\u00e8ne de Valon en collaboration avec Ryc'ho Ryszard Swierad et de la s\u00e9rie Urban Survivors...","breadcrumb":{"@id":"https:\/\/www.eylg-photo.com\/fr\/2015\/10\/demi-douzaine-photographique\/#breadcrumb"},"inLanguage":"fr-FR","potentialAction":[{"@type":"ReadAction","target":["https:\/\/www.eylg-photo.com\/fr\/2015\/10\/demi-douzaine-photographique\/"]}]},{"@type":"BreadcrumbList","@id":"https:\/\/www.eylg-photo.com\/fr\/2015\/10\/demi-douzaine-photographique\/#breadcrumb","itemListElement":[{"@type":"ListItem","position":1,"name":"Home","item":"https:\/\/www.eylg-photo.com\/"},{"@type":"ListItem","position":2,"name":"1\/2 douzaine photographique, petit aper\u00e7u&#8230;"}]},{"@type":"WebSite","@id":"https:\/\/www.eylg-photo.com\/#website","url":"https:\/\/www.eylg-photo.com\/","name":"EyLG Photography","description":"Eymeric Laurent-Gascoin photography","publisher":{"@id":"https:\/\/www.eylg-photo.com\/#\/schema\/person\/2f778f2b88369af952e717a222b8aded"},"potentialAction":[{"@type":"SearchAction","target":{"@type":"EntryPoint","urlTemplate":"https:\/\/www.eylg-photo.com\/?s={search_term_string}"},"query-input":{"@type":"PropertyValueSpecification","valueRequired":true,"valueName":"search_term_string"}}],"inLanguage":"fr-FR"},{"@type":["Person","Organization"],"@id":"https:\/\/www.eylg-photo.com\/#\/schema\/person\/2f778f2b88369af952e717a222b8aded","name":"Eymeric","image":{"@type":"ImageObject","inLanguage":"fr-FR","@id":"https:\/\/www.eylg-photo.com\/#\/schema\/person\/image\/","url":"https:\/\/i2.wp.com\/www.eylg-photo.com\/wp-content\/uploads\/2021\/12\/Logo.png?fit=510%2C110&ssl=1","contentUrl":"https:\/\/i2.wp.com\/www.eylg-photo.com\/wp-content\/uploads\/2021\/12\/Logo.png?fit=510%2C110&ssl=1","width":510,"height":110,"caption":"Eymeric"},"logo":{"@id":"https:\/\/www.eylg-photo.com\/#\/schema\/person\/image\/"},"sameAs":["https:\/\/www.facebook.com\/EyLGphoto\/","https:\/\/www.instagram.com\/eylgphoto\/"]}]}},"jetpack_featured_media_url":"","jetpack_shortlink":"https:\/\/wp.me\/p5dFV6-31z","jetpack_sharing_enabled":true,"_links":{"self":[{"href":"https:\/\/www.eylg-photo.com\/fr\/wp-json\/wp\/v2\/posts\/11629","targetHints":{"allow":["GET"]}}],"collection":[{"href":"https:\/\/www.eylg-photo.com\/fr\/wp-json\/wp\/v2\/posts"}],"about":[{"href":"https:\/\/www.eylg-photo.com\/fr\/wp-json\/wp\/v2\/types\/post"}],"author":[{"embeddable":true,"href":"https:\/\/www.eylg-photo.com\/fr\/wp-json\/wp\/v2\/users\/1"}],"replies":[{"embeddable":true,"href":"https:\/\/www.eylg-photo.com\/fr\/wp-json\/wp\/v2\/comments?post=11629"}],"version-history":[{"count":0,"href":"https:\/\/www.eylg-photo.com\/fr\/wp-json\/wp\/v2\/posts\/11629\/revisions"}],"wp:attachment":[{"href":"https:\/\/www.eylg-photo.com\/fr\/wp-json\/wp\/v2\/media?parent=11629"}],"wp:term":[{"taxonomy":"category","embeddable":true,"href":"https:\/\/www.eylg-photo.com\/fr\/wp-json\/wp\/v2\/categories?post=11629"},{"taxonomy":"post_tag","embeddable":true,"href":"https:\/\/www.eylg-photo.com\/fr\/wp-json\/wp\/v2\/tags?post=11629"}],"curies":[{"name":"wp","href":"https:\/\/api.w.org\/{rel}","templated":true}]}}